{"id":901,"date":"2019-03-11T08:20:32","date_gmt":"2019-03-11T08:20:32","guid":{"rendered":"https:\/\/www.tessdemar.com\/?p=901"},"modified":"2019-03-11T08:24:49","modified_gmt":"2019-03-11T08:24:49","slug":"novedades-tess-de-mar-temporada-2019","status":"publish","type":"post","link":"https:\/\/www.tessdemar.com\/es\/novedades-tess-de-mar-temporada-2019\/","title":{"rendered":"Novedades Tess de Mar &#8211; Temporada 2019"},"content":{"rendered":"<p><span style=\"font-weight: 400;\">\u201cEstimados amigos amantes de la <\/span>gastronom\u00eda<b>\u2026 <\/b><\/p>\n<p><span style=\"font-weight: 400;\">El pr\u00f3ximo 21 de marzo, ha sido la fecha elegida para la gran reapertura de nuestro <strong>r<\/strong><\/span><b>estaurante en Mallorca<\/b><span style=\"font-weight: 400;\"> con una renovada y completa oferta de platos, en la realizamos una evoluci\u00f3n de todas nuestras propuestas anteriores.<\/span><\/p>\n<p><span style=\"font-weight: 400;\">Estamos muy contentos de poder expresarles las sensaciones que nos producen, el saber que muy pronto abriremos las puertas de nuestro <\/span><b>restaurante mediterr\u00e1neo<\/b><span style=\"font-weight: 400;\"><a href=\"https:\/\/www.tessdemar.com\/\"> Tess de Mar<\/a>, para iniciar una nueva temporada. Nos encontramos con muchas ansias y ganas de empezar otra vez nuestra funci\u00f3n. <\/span><\/p>\n<p><span style=\"font-weight: 400;\">Y es as\u00ed, como nosotros lo sentimos: Ustedes, nuestro p\u00fablico. Nosotros, los int\u00e9rpretes.Y el mar y los campos de <strong>Mallorca<\/strong>, como nuestro gran hilo conductor.<\/span><\/p>\n<p><span style=\"font-weight: 400;\">Les queremos contar, que ya estamos en cocina calentando hornos, encendiendo el josper, cocinando los caldos y probando con nuestras manos y nuestro paladar, el producto final que queremos que degusten: Desde deliciosos tacos de sepia y alga Codium de mar, hasta unos linguinis \u00bbde mar\u00bb a la carbonara, siempre a nuestra manera de verlo o incluso un exquisito chulet\u00f3n de at\u00fan rojo de almadraba, que transportar\u00e1n sus sentidos, hasta el siguiente nivel gastron\u00f3mico. <\/span><\/p>\n<p><span style=\"font-weight: 400;\">Como siempre, el mar tendr\u00e1 un protagonismo especial en nuestras propuestas, t\u00edpico de la <\/span><b>gastronom\u00eda mediterr\u00e1nea<\/b><span style=\"font-weight: 400;\">, pero eso s\u00ed, sin olvidamos de nuestras ra\u00edces mediante nuestras brasas y nuestras exquisitas carnes con gran fundamento, como un cordero mallorqu\u00edn que nos ilusiona por sus diferentes cocciones y sobretodo, por ser un producto tan de los paisajes de aqu\u00ed. <\/span><\/p>\n<p><span style=\"font-weight: 400;\">Desde todo el equipo de <\/span><a href=\"https:\/\/www.tessdemar.com\/\"><b>Tess de Mar<\/b><\/a><span style=\"font-weight: 400;\">, esperamos verles muy pronto para que puedan experimentar nuestra propuesta, que sin duda har\u00e1 de esta temporada 2019, una experiencia al m\u00e1s alto nivel.\u2019\u2019<\/span><\/p>\n<p>Juan Ocampo &#8211; Chef Tess de Mar<\/p>\n","protected":false},"excerpt":{"rendered":"<p>\u201cEstimados amigos amantes de la gastronom\u00eda\u2026 El pr\u00f3ximo 21 de marzo, ha sido la fecha elegida para la gran reapertura de nuestro restaurante en Mallorca con una renovada y completa oferta de platos, en la realizamos una evoluci\u00f3n de todas nuestras propuestas anteriores. Estamos muy contentos de poder expresarles las sensaciones que nos producen, el [&hellip;]<\/p>\n","protected":false},"author":4,"featured_media":902,"comment_status":"closed","ping_status":"closed","sticky":false,"template":"","format":"standard","meta":{"footnotes":""},"categories":[39],"tags":[],"class_list":["post-901","post","type-post","status-publish","format-standard","has-post-thumbnail","hentry","category-noticias"],"aioseo_notices":[],"_links":{"self":[{"href":"https:\/\/www.tessdemar.com\/es\/wp-json\/wp\/v2\/posts\/901","targetHints":{"allow":["GET"]}}],"collection":[{"href":"https:\/\/www.tessdemar.com\/es\/wp-json\/wp\/v2\/posts"}],"about":[{"href":"https:\/\/www.tessdemar.com\/es\/wp-json\/wp\/v2\/types\/post"}],"author":[{"embeddable":true,"href":"https:\/\/www.tessdemar.com\/es\/wp-json\/wp\/v2\/users\/4"}],"replies":[{"embeddable":true,"href":"https:\/\/www.tessdemar.com\/es\/wp-json\/wp\/v2\/comments?post=901"}],"version-history":[{"count":1,"href":"https:\/\/www.tessdemar.com\/es\/wp-json\/wp\/v2\/posts\/901\/revisions"}],"predecessor-version":[{"id":905,"href":"https:\/\/www.tessdemar.com\/es\/wp-json\/wp\/v2\/posts\/901\/revisions\/905"}],"wp:featuredmedia":[{"embeddable":true,"href":"https:\/\/www.tessdemar.com\/es\/wp-json\/wp\/v2\/media\/902"}],"wp:attachment":[{"href":"https:\/\/www.tessdemar.com\/es\/wp-json\/wp\/v2\/media?parent=901"}],"wp:term":[{"taxonomy":"category","embeddable":true,"href":"https:\/\/www.tessdemar.com\/es\/wp-json\/wp\/v2\/categories?post=901"},{"taxonomy":"post_tag","embeddable":true,"href":"https:\/\/www.tessdemar.com\/es\/wp-json\/wp\/v2\/tags?post=901"}],"curies":[{"name":"wp","href":"https:\/\/api.w.org\/{rel}","templated":true}]}}