{"id":737,"date":"2018-10-22T16:40:42","date_gmt":"2018-10-22T16:40:42","guid":{"rendered":"https:\/\/www.tessdemar.com\/?p=737"},"modified":"2018-11-06T13:32:14","modified_gmt":"2018-11-06T13:32:14","slug":"juan-ocampo-y-andres-benitez-a-cuatro-manos","status":"publish","type":"post","link":"https:\/\/www.tessdemar.com\/es\/juan-ocampo-y-andres-benitez-a-cuatro-manos\/","title":{"rendered":"Juan Ocampo y Andr\u00e9s Ben\u00edtez: a cuatro manos"},"content":{"rendered":"<p>El chef <strong>Andr\u00e9s Ben\u00edtez<\/strong>\u00a0ha venido a a cocinar a Tess de Mar un men\u00fa a cuatro manos con el chef <strong>Juan Ocampo <\/strong>en una nueva\u00a0propuesta del <strong>evento ruta mallorquina.\u00a0<\/strong>Fue el 2 de noviembre por la noche con lleno total. En la cocina de Tess de Mar se reunieron los equipos de cocina de\u00a0Tess de Mar y de Botanic, con los chefs Juan Ocampo y Andr\u00e9s Ben\u00edtez al frente.<\/p>\n<p>Comenzamos con un triple aperitivo donde destacaron las texturas de los ingredientes y los sabores intensos. <strong>Piel de morena y brandada<\/strong>, <strong>ostra y pil pil<\/strong> y <strong>capuccino de setas<\/strong> que prepararon a los comensales para toda una ruta de sabores.<\/p>\n<div class=\"btx-item btx-image btx-center-position\"><div class=\"btx-image-container\"><div class=\"btx-media-wrapper modal-image\" style=\"max-width:100%;\"><a class=\"btx-media-wrapper-inner\" href=\"https:\/\/www.tessdemar.com\/wp-content\/uploads\/2018\/10\/TESS-OCAMPO-BENITEZ-1.jpg\" target=\"_blank\"><img loading=\"lazy\" decoding=\"async\" src=\"https:\/\/www.tessdemar.com\/wp-content\/uploads\/2018\/10\/TESS-OCAMPO-BENITEZ-1-1024x681.jpg\" alt=\"\"  width=\"1024\" height=\"681\" srcset=\"https:\/\/www.tessdemar.com\/wp-content\/uploads\/2018\/10\/TESS-OCAMPO-BENITEZ-1-1024x681.jpg 1024w, https:\/\/www.tessdemar.com\/wp-content\/uploads\/2018\/10\/TESS-OCAMPO-BENITEZ-1-768x511.jpg 768w, https:\/\/www.tessdemar.com\/wp-content\/uploads\/2018\/10\/TESS-OCAMPO-BENITEZ-1-512x340.jpg 512w, https:\/\/www.tessdemar.com\/wp-content\/uploads\/2018\/10\/TESS-OCAMPO-BENITEZ-1-300x199.jpg 300w\" sizes=\"auto, (max-width:1024px) 100vw, 1024px\" \/><\/a><\/div><\/div><\/div>\n<div class=\"btx-item btx-image btx-center-position\"><div class=\"btx-image-container\"><div class=\"btx-media-wrapper modal-image\" style=\"max-width:100%;\"><a class=\"btx-media-wrapper-inner\" href=\"https:\/\/www.tessdemar.com\/wp-content\/uploads\/2018\/10\/TESS-OCAMPO-BENITEZ-2.jpg\" target=\"_blank\"><img loading=\"lazy\" decoding=\"async\" src=\"https:\/\/www.tessdemar.com\/wp-content\/uploads\/2018\/10\/TESS-OCAMPO-BENITEZ-2-1024x681.jpg\" alt=\"\"  width=\"1024\" height=\"681\" srcset=\"https:\/\/www.tessdemar.com\/wp-content\/uploads\/2018\/10\/TESS-OCAMPO-BENITEZ-2-1024x681.jpg 1024w, https:\/\/www.tessdemar.com\/wp-content\/uploads\/2018\/10\/TESS-OCAMPO-BENITEZ-2-768x511.jpg 768w, https:\/\/www.tessdemar.com\/wp-content\/uploads\/2018\/10\/TESS-OCAMPO-BENITEZ-2-512x340.jpg 512w, https:\/\/www.tessdemar.com\/wp-content\/uploads\/2018\/10\/TESS-OCAMPO-BENITEZ-2-300x199.jpg 300w\" sizes=\"auto, (max-width:1024px) 100vw, 1024px\" \/><\/a><\/div><\/div><\/div>\n<p>Seguimos con una receta de<strong> llampuga y pimientos<\/strong>, tan t\u00edpica en cocinas mallorquinas durante la temporada de oto\u00f1o. En esta ocasi\u00f3n la llampuga estaba exquisitamente preparada y marinada, acompa\u00f1ada de\u00a0jugo de vegetales escalibados a las brasas y una emulsi\u00f3n de arenque.<\/p>\n<div class=\"btx-item btx-image btx-center-position\"><div class=\"btx-image-container\"><div class=\"btx-media-wrapper modal-image\" style=\"max-width:100%;\"><a class=\"btx-media-wrapper-inner\" href=\"https:\/\/www.tessdemar.com\/wp-content\/uploads\/2018\/10\/TESS-OCAMPO-BENITEZ-11.jpg\" target=\"_blank\"><img loading=\"lazy\" decoding=\"async\" src=\"https:\/\/www.tessdemar.com\/wp-content\/uploads\/2018\/10\/TESS-OCAMPO-BENITEZ-11-1024x681.jpg\" alt=\"\"  width=\"1024\" height=\"681\" srcset=\"https:\/\/www.tessdemar.com\/wp-content\/uploads\/2018\/10\/TESS-OCAMPO-BENITEZ-11-1024x681.jpg 1024w, https:\/\/www.tessdemar.com\/wp-content\/uploads\/2018\/10\/TESS-OCAMPO-BENITEZ-11-768x511.jpg 768w, https:\/\/www.tessdemar.com\/wp-content\/uploads\/2018\/10\/TESS-OCAMPO-BENITEZ-11-512x340.jpg 512w, https:\/\/www.tessdemar.com\/wp-content\/uploads\/2018\/10\/TESS-OCAMPO-BENITEZ-11-300x199.jpg 300w\" sizes=\"auto, (max-width:1024px) 100vw, 1024px\" \/><\/a><\/div><\/div><\/div>\n<p style=\"text-align: left;\">El siguiente plato fue una receta de <strong>sepia y hueva<\/strong>. El chef present\u00f3 unos aros de sepia en el plato, crudos, finamente cortados, con el toque de color y sabor de las huevas. El maitre remat\u00f3 el plato \u00a0en sala con un c<span style=\"color: #000000;\">onsom\u00e9 de jam\u00f3n de bellota caliente que cocin\u00f3 ligeramente la sepia.\u00a0<\/span><\/p>\n<div class=\"btx-item btx-image btx-center-position\"><div class=\"btx-image-container\"><div class=\"btx-media-wrapper modal-image\" style=\"max-width:100%;\"><a class=\"btx-media-wrapper-inner\" href=\"https:\/\/www.tessdemar.com\/wp-content\/uploads\/2018\/10\/TESS-OCAMPO-BENITEZ-15.jpg\" target=\"_blank\"><img loading=\"lazy\" decoding=\"async\" src=\"https:\/\/www.tessdemar.com\/wp-content\/uploads\/2018\/10\/TESS-OCAMPO-BENITEZ-15-1024x681.jpg\" alt=\"\"  width=\"1024\" height=\"681\" srcset=\"https:\/\/www.tessdemar.com\/wp-content\/uploads\/2018\/10\/TESS-OCAMPO-BENITEZ-15-1024x681.jpg 1024w, https:\/\/www.tessdemar.com\/wp-content\/uploads\/2018\/10\/TESS-OCAMPO-BENITEZ-15-768x511.jpg 768w, https:\/\/www.tessdemar.com\/wp-content\/uploads\/2018\/10\/TESS-OCAMPO-BENITEZ-15-512x340.jpg 512w, https:\/\/www.tessdemar.com\/wp-content\/uploads\/2018\/10\/TESS-OCAMPO-BENITEZ-15-300x199.jpg 300w\" sizes=\"auto, (max-width:1024px) 100vw, 1024px\" \/><\/a><\/div><\/div><\/div>\n<p style=\"text-align: left;\">Continu\u00f3 nuestra ruta por otro plato t\u00edpico de la cocina de la isla, el <strong>pescado a la mallorquina<\/strong> que, en esta ocasi\u00f3n, fue una riqu\u00edsima merluza con verduras como las espinacas y las acelgas y los toques dulces y salados de los pi\u00f1ones y las pasas, a la que el chef a\u00f1adi\u00f3 un acompa\u00f1amiento especial: rissoto de trigo sarraceno y salsa tandoori.<\/p>\n<div class=\"btx-item btx-image btx-center-position\"><div class=\"btx-image-container\"><div class=\"btx-media-wrapper modal-image\" style=\"max-width:100%;\"><a class=\"btx-media-wrapper-inner\" href=\"https:\/\/www.tessdemar.com\/wp-content\/uploads\/2018\/10\/TESS-OCAMPO-BENITEZ-19.jpg\" target=\"_blank\"><img loading=\"lazy\" decoding=\"async\" src=\"https:\/\/www.tessdemar.com\/wp-content\/uploads\/2018\/10\/TESS-OCAMPO-BENITEZ-19-1024x681.jpg\" alt=\"\"  width=\"1024\" height=\"681\" srcset=\"https:\/\/www.tessdemar.com\/wp-content\/uploads\/2018\/10\/TESS-OCAMPO-BENITEZ-19-1024x681.jpg 1024w, https:\/\/www.tessdemar.com\/wp-content\/uploads\/2018\/10\/TESS-OCAMPO-BENITEZ-19-768x511.jpg 768w, https:\/\/www.tessdemar.com\/wp-content\/uploads\/2018\/10\/TESS-OCAMPO-BENITEZ-19-512x340.jpg 512w, https:\/\/www.tessdemar.com\/wp-content\/uploads\/2018\/10\/TESS-OCAMPO-BENITEZ-19-300x199.jpg 300w\" sizes=\"auto, (max-width:1024px) 100vw, 1024px\" \/><\/a><\/div><\/div><\/div>\n<p style=\"text-align: left;\">Hasta ese momento hab\u00edan predominado los sabores del mar. Llegaba el turno de la carne, pero no de una carne cualquiera si no de una <strong>ternera ahumada, cocinada durante 72<\/strong> horas al horno J\u00f3sper, con el sabor contundente y la calidez del humo y un toque de clorofila de hierbas.<\/p>\n<div class=\"btx-item btx-image btx-center-position\"><div class=\"btx-image-container\"><div class=\"btx-media-wrapper modal-image\" style=\"max-width:100%;\"><a class=\"btx-media-wrapper-inner\" href=\"https:\/\/www.tessdemar.com\/wp-content\/uploads\/2018\/10\/TESS-OCAMPO-BENITEZ-20.jpg\" target=\"_blank\"><img loading=\"lazy\" decoding=\"async\" src=\"https:\/\/www.tessdemar.com\/wp-content\/uploads\/2018\/10\/TESS-OCAMPO-BENITEZ-20-1024x681.jpg\" alt=\"\"  width=\"1024\" height=\"681\" srcset=\"https:\/\/www.tessdemar.com\/wp-content\/uploads\/2018\/10\/TESS-OCAMPO-BENITEZ-20-1024x681.jpg 1024w, https:\/\/www.tessdemar.com\/wp-content\/uploads\/2018\/10\/TESS-OCAMPO-BENITEZ-20-768x511.jpg 768w, https:\/\/www.tessdemar.com\/wp-content\/uploads\/2018\/10\/TESS-OCAMPO-BENITEZ-20-512x340.jpg 512w, https:\/\/www.tessdemar.com\/wp-content\/uploads\/2018\/10\/TESS-OCAMPO-BENITEZ-20-300x199.jpg 300w\" sizes=\"auto, (max-width:1024px) 100vw, 1024px\" \/><\/a><\/div><\/div><\/div>\n<p>Este paseo por la gastronom\u00eda de Mallorca termin\u00f3 con los postres. Sobre el plato, creaciones con los ingredientes<strong> l\u00e1cteo y casta\u00f1a<\/strong>;<strong> membrillo<\/strong>;<strong> caf\u00e9<\/strong>;<strong> y chocolate<\/strong>.<\/p>\n<div class=\"btx-item btx-image btx-center-position\"><div class=\"btx-image-container\"><div class=\"btx-media-wrapper modal-image\" style=\"max-width:100%;\"><a class=\"btx-media-wrapper-inner\" href=\"https:\/\/www.tessdemar.com\/wp-content\/uploads\/2018\/10\/TESS-OCAMPO-BENITEZ-34.jpg\" target=\"_blank\"><img loading=\"lazy\" decoding=\"async\" src=\"https:\/\/www.tessdemar.com\/wp-content\/uploads\/2018\/10\/TESS-OCAMPO-BENITEZ-34-1024x681.jpg\" alt=\"\"  width=\"1024\" height=\"681\" srcset=\"https:\/\/www.tessdemar.com\/wp-content\/uploads\/2018\/10\/TESS-OCAMPO-BENITEZ-34-1024x681.jpg 1024w, https:\/\/www.tessdemar.com\/wp-content\/uploads\/2018\/10\/TESS-OCAMPO-BENITEZ-34-768x511.jpg 768w, https:\/\/www.tessdemar.com\/wp-content\/uploads\/2018\/10\/TESS-OCAMPO-BENITEZ-34-512x340.jpg 512w, https:\/\/www.tessdemar.com\/wp-content\/uploads\/2018\/10\/TESS-OCAMPO-BENITEZ-34-300x199.jpg 300w\" sizes=\"auto, (max-width:1024px) 100vw, 1024px\" \/><\/a><\/div><\/div><\/div>\n<p>De parte del equipo de Tess de Mar, gracias a todos los clientes y amigos que llenast\u00e9is el restaurante, y al equipo de cocina de Botanic por su implicaci\u00f3n en este evento. \u00a1No pod\u00edamos estar m\u00e1s satisfechos! En la foto, el equipo de cocina al completo con Imane, Joan Mas, Andr\u00e9s Ben\u00edtez, Jos\u00e9 Vich, Cristhian Bejarano, Juan Ocampo, Pablo Maise y David Tatar.<\/p>\n<div class=\"btx-item btx-image btx-center-position\"><div class=\"btx-image-container\"><div class=\"btx-media-wrapper modal-image\" style=\"max-width:100%;\"><a class=\"btx-media-wrapper-inner\" href=\"https:\/\/www.tessdemar.com\/wp-content\/uploads\/2018\/10\/TESS-OCAMPO-BENITEZ-29.jpg\" target=\"_blank\"><img loading=\"lazy\" decoding=\"async\" src=\"https:\/\/www.tessdemar.com\/wp-content\/uploads\/2018\/10\/TESS-OCAMPO-BENITEZ-29-1024x681.jpg\" alt=\"\"  width=\"1024\" height=\"681\" srcset=\"https:\/\/www.tessdemar.com\/wp-content\/uploads\/2018\/10\/TESS-OCAMPO-BENITEZ-29-1024x681.jpg 1024w, https:\/\/www.tessdemar.com\/wp-content\/uploads\/2018\/10\/TESS-OCAMPO-BENITEZ-29-768x511.jpg 768w, https:\/\/www.tessdemar.com\/wp-content\/uploads\/2018\/10\/TESS-OCAMPO-BENITEZ-29-512x340.jpg 512w, https:\/\/www.tessdemar.com\/wp-content\/uploads\/2018\/10\/TESS-OCAMPO-BENITEZ-29-300x199.jpg 300w\" sizes=\"auto, (max-width:1024px) 100vw, 1024px\" \/><\/a><\/div><\/div><\/div>\n","protected":false},"excerpt":{"rendered":"<p>El chef Andr\u00e9s Ben\u00edtez\u00a0ha venido a a cocinar a Tess de Mar un men\u00fa a cuatro manos con el chef Juan Ocampo en una nueva\u00a0propuesta del evento ruta mallorquina.\u00a0Fue el 2 de noviembre por la noche con lleno total. En la cocina de Tess de Mar se reunieron los equipos de cocina de\u00a0Tess de Mar [&hellip;]<\/p>\n","protected":false},"author":4,"featured_media":757,"comment_status":"closed","ping_status":"closed","sticky":false,"template":"","format":"standard","meta":{"footnotes":""},"categories":[1],"tags":[24,25,15,26],"class_list":["post-737","post","type-post","status-publish","format-standard","has-post-thumbnail","hentry","category-sin-categorizar","tag-andres-benitez","tag-eventos-en-tess-de-mar","tag-juan-ocampo","tag-restaurante-en-campos"],"aioseo_notices":[],"_links":{"self":[{"href":"https:\/\/www.tessdemar.com\/es\/wp-json\/wp\/v2\/posts\/737","targetHints":{"allow":["GET"]}}],"collection":[{"href":"https:\/\/www.tessdemar.com\/es\/wp-json\/wp\/v2\/posts"}],"about":[{"href":"https:\/\/www.tessdemar.com\/es\/wp-json\/wp\/v2\/types\/post"}],"author":[{"embeddable":true,"href":"https:\/\/www.tessdemar.com\/es\/wp-json\/wp\/v2\/users\/4"}],"replies":[{"embeddable":true,"href":"https:\/\/www.tessdemar.com\/es\/wp-json\/wp\/v2\/comments?post=737"}],"version-history":[{"count":1,"href":"https:\/\/www.tessdemar.com\/es\/wp-json\/wp\/v2\/posts\/737\/revisions"}],"predecessor-version":[{"id":758,"href":"https:\/\/www.tessdemar.com\/es\/wp-json\/wp\/v2\/posts\/737\/revisions\/758"}],"wp:featuredmedia":[{"embeddable":true,"href":"https:\/\/www.tessdemar.com\/es\/wp-json\/wp\/v2\/media\/757"}],"wp:attachment":[{"href":"https:\/\/www.tessdemar.com\/es\/wp-json\/wp\/v2\/media?parent=737"}],"wp:term":[{"taxonomy":"category","embeddable":true,"href":"https:\/\/www.tessdemar.com\/es\/wp-json\/wp\/v2\/categories?post=737"},{"taxonomy":"post_tag","embeddable":true,"href":"https:\/\/www.tessdemar.com\/es\/wp-json\/wp\/v2\/tags?post=737"}],"curies":[{"name":"wp","href":"https:\/\/api.w.org\/{rel}","templated":true}]}}