{"id":733,"date":"2018-10-22T12:54:06","date_gmt":"2018-10-22T12:54:06","guid":{"rendered":"https:\/\/www.tessdemar.com\/?p=733"},"modified":"2018-11-07T11:02:46","modified_gmt":"2018-11-07T11:02:46","slug":"menus-de-empresa-para-navidad","status":"publish","type":"post","link":"https:\/\/www.tessdemar.com\/es\/menus-de-empresa-para-navidad\/","title":{"rendered":"Men\u00fas de empresa para Navidad"},"content":{"rendered":"<p>En Tess de Mar hemos preparado tres opciones de men\u00fas para empresas para celebrar la Navidad y el a\u00f1o que empieza.<\/p>\n<p>Cada opci\u00f3n es a mesa completa. Puede ser para comer o para cenar.<\/p>\n<p>Nuestro sumiller ha preparado tambi\u00e9n tres paquetes de bebidas que se puede combinar, si as\u00ed lo desean, con cualquiera de las opciones de men\u00fa.<\/p>\n<p>Para reservar, pueden contactar con nostros en el correo electr\u00f3nico <a href=\"mailto:info@tessdemar.com\">info@tessdemar.com<\/a> o en el tel\u00e9fono\u00a0<a href=\"tel:+34 871 515 345\">+34 871 515 345<\/a><\/p>\n<div class=\"btx-item btx-image btx-center-position\"><div class=\"btx-image-container\"><div class=\"btx-media-wrapper modal-image\" style=\"max-width:100%;\"><a class=\"btx-media-wrapper-inner\" href=\"https:\/\/www.tessdemar.com\/wp-content\/uploads\/2018\/10\/tessdemar-empresas.png\" target=\"_blank\"><img loading=\"lazy\" decoding=\"async\" src=\"https:\/\/www.tessdemar.com\/wp-content\/uploads\/2018\/10\/tessdemar-empresas.png\" alt=\"\"  width=\"794\" height=\"1123\" srcset=\"https:\/\/www.tessdemar.com\/wp-content\/uploads\/2018\/10\/tessdemar-empresas.png 794w, https:\/\/www.tessdemar.com\/wp-content\/uploads\/2018\/10\/tessdemar-empresas-724x1024.png 724w, https:\/\/www.tessdemar.com\/wp-content\/uploads\/2018\/10\/tessdemar-empresas-768x1086.png 768w, https:\/\/www.tessdemar.com\/wp-content\/uploads\/2018\/10\/tessdemar-empresas-512x724.png 512w, https:\/\/www.tessdemar.com\/wp-content\/uploads\/2018\/10\/tessdemar-empresas-212x300.png 212w\" sizes=\"auto, (max-width:794px) 100vw, 794px\" \/><\/a><\/div><\/div><\/div>\n","protected":false},"excerpt":{"rendered":"<p>En Tess de Mar hemos preparado tres opciones de men\u00fas para empresas para celebrar la Navidad y el a\u00f1o que empieza. Cada opci\u00f3n es a mesa completa. Puede ser para comer o para cenar. Nuestro sumiller ha preparado tambi\u00e9n tres paquetes de bebidas que se puede combinar, si as\u00ed lo desean, con cualquiera de las [&hellip;]<\/p>\n","protected":false},"author":4,"featured_media":735,"comment_status":"closed","ping_status":"closed","sticky":false,"template":"","format":"standard","meta":{"footnotes":""},"categories":[1],"tags":[22,18,21,19,20,12],"class_list":["post-733","post","type-post","status-publish","format-standard","has-post-thumbnail","hentry","category-sin-categorizar","tag-cenas-de-empresa-mallorca","tag-cenas-de-empresas","tag-comidas-de-empresa-mallorca","tag-comidas-de-empresas","tag-mallorca","tag-tess-de-mar"],"aioseo_notices":[],"_links":{"self":[{"href":"https:\/\/www.tessdemar.com\/es\/wp-json\/wp\/v2\/posts\/733","targetHints":{"allow":["GET"]}}],"collection":[{"href":"https:\/\/www.tessdemar.com\/es\/wp-json\/wp\/v2\/posts"}],"about":[{"href":"https:\/\/www.tessdemar.com\/es\/wp-json\/wp\/v2\/types\/post"}],"author":[{"embeddable":true,"href":"https:\/\/www.tessdemar.com\/es\/wp-json\/wp\/v2\/users\/4"}],"replies":[{"embeddable":true,"href":"https:\/\/www.tessdemar.com\/es\/wp-json\/wp\/v2\/comments?post=733"}],"version-history":[{"count":1,"href":"https:\/\/www.tessdemar.com\/es\/wp-json\/wp\/v2\/posts\/733\/revisions"}],"predecessor-version":[{"id":777,"href":"https:\/\/www.tessdemar.com\/es\/wp-json\/wp\/v2\/posts\/733\/revisions\/777"}],"wp:featuredmedia":[{"embeddable":true,"href":"https:\/\/www.tessdemar.com\/es\/wp-json\/wp\/v2\/media\/735"}],"wp:attachment":[{"href":"https:\/\/www.tessdemar.com\/es\/wp-json\/wp\/v2\/media?parent=733"}],"wp:term":[{"taxonomy":"category","embeddable":true,"href":"https:\/\/www.tessdemar.com\/es\/wp-json\/wp\/v2\/categories?post=733"},{"taxonomy":"post_tag","embeddable":true,"href":"https:\/\/www.tessdemar.com\/es\/wp-json\/wp\/v2\/tags?post=733"}],"curies":[{"name":"wp","href":"https:\/\/api.w.org\/{rel}","templated":true}]}}