{"id":724,"date":"2018-10-11T15:50:21","date_gmt":"2018-10-11T15:50:21","guid":{"rendered":"https:\/\/www.tessdemar.com\/?p=724"},"modified":"2018-10-22T15:38:50","modified_gmt":"2018-10-22T15:38:50","slug":"cena-maridaje-con-celler-capcanes","status":"publish","type":"post","link":"https:\/\/www.tessdemar.com\/es\/cena-maridaje-con-celler-capcanes\/","title":{"rendered":"Cena maridaje con Celler Cap\u00e7anes"},"content":{"rendered":"<p>El restaurante Tess de Mar y el <a href=\"http:\/\/www.cellercapcanes.com\/es\" target=\"_blank\" rel=\"noopener\"><strong>Celler Cap\u00e7anes<\/strong><\/a> hemos organizado un men\u00fa maridaje con los vinos <strong>\u201cLa Nit de las Garnatxes\u201d\u00a0<\/strong>de esta bodega. Son vinos terrosos, cien por cien garnacha, pero que\u00a0est\u00e1n cultivados en tierras diferentes, lo que da a cada uno un sabor especial, ligado al suelo que alimenta la vid.<\/p>\n<p>El jefe de restaurante de Tess de Mar, Filipe Silva, y la sumiller de Cap\u00e7anes Anna Casabona estar\u00e1n presentes en la cena para explicar el maridaje.<\/p>\n<p>El men\u00fa estar\u00e1 compuesto por cinco platos de nuestra carta preparados por el chef Juan Ocampo y su equipo.<\/p>\n<p>La cita es el 25 de octubre en Tess de Mar (Campos) por la noche. La cocina est\u00e1 abierta de 19.30 a 22.30h.<\/p>\n<p>El precio del men\u00fa maridado es de \u00a045 euros (IVA incluido).<\/p>\n<p>Recomendamos reservar v\u00eda email<a href=\"mailto:info@tessdemar.com\"> <strong>info@tessdemar.com<\/strong><\/a> o al tel\u00e9fono<strong> 871 515 345<\/strong>.<\/p>\n<p><strong>El men\u00fa y los vinos<\/strong><\/p>\n<p>Comenzaremos con un aperitivo de <strong>sopa fr\u00eda de almendras mallorquinas, gamba dulce y remolachas<\/strong>\u00a0que estar\u00e1 maridado con un\u00a0<strong>Garnatxa Calissa. <\/strong>La vid de esa garnacha\u00a0crece en suelo caliza, con poca acidez, lo que aporta al vino un aroma fresco y delicado.<\/p>\n<p>El entrante ser\u00e1 un plato sorprendente, con sabores de mar y monta\u00f1a: nuestra <strong>raya melosa en dos cocciones y salicornia marina<\/strong>, que estar\u00e1 maridada con un <strong>Garnatxa Panal<\/strong>, que se caracteriza por ser cosechado en suelo panal, donde la tierra es arenosa y \u00e1cida, lo que aporta complejidad al vino y un aroma maduro y elegante.<\/p>\n<p>El primer plato ser\u00e1 una <strong>merluza de anzuelo al \u00abpil pil\u00bb con patatas confitadas y ahumadas <\/strong>que tendr\u00e1 de acompa\u00f1amiento un vino\u00a0<strong>Garnatxa Llicorella<\/strong>, cuya vid nace en suelo de pizarra por lo que la roca est\u00e1 en permanente contacto con las ra\u00edces de la planta.<\/p>\n<p>Como plato principal, proponemos unas <strong>carrilleras de cordero lechal, raviolis de queso de oveja y polvos de especias\u00a0<\/strong> que maridaremos con\u00a0Garnatxa Argila, un vino cultivado en suelo de arcilla con notas r\u00fasticas y de sotobosque.<\/p>\n<p>Finalmente el postre de <strong>cremoso de chocolate amargo, sal de mar, teja de algarroba y k\u00e9fir de fruta de temporada\u00a0<\/strong>vendr\u00e1 acompa\u00f1ado de un\u00a0Pansal del Cal\u00e0s, 70% garnacha de los vi\u00f1edos viejos y\u00a030% uva sams\u00f3 de los vi\u00f1edos viejos.<\/p>\n<div class=\"btx-item btx-image btx-center-position\"><div class=\"btx-image-container\"><div class=\"btx-media-wrapper modal-image\" style=\"max-width:100%;\"><a class=\"btx-media-wrapper-inner\" href=\"https:\/\/www.tessdemar.com\/wp-content\/uploads\/2018\/10\/MENU-completo-cap\u00e7anes.png\" target=\"_blank\"><img loading=\"lazy\" decoding=\"async\" src=\"https:\/\/www.tessdemar.com\/wp-content\/uploads\/2018\/10\/MENU-completo-cap\u00e7anes.png\" alt=\"\"  width=\"1080\" height=\"1450\" srcset=\"https:\/\/www.tessdemar.com\/wp-content\/uploads\/2018\/10\/MENU-completo-cap\u00e7anes.png 1080w, https:\/\/www.tessdemar.com\/wp-content\/uploads\/2018\/10\/MENU-completo-cap\u00e7anes-763x1024.png 763w, https:\/\/www.tessdemar.com\/wp-content\/uploads\/2018\/10\/MENU-completo-cap\u00e7anes-768x1031.png 768w, https:\/\/www.tessdemar.com\/wp-content\/uploads\/2018\/10\/MENU-completo-cap\u00e7anes-512x687.png 512w, https:\/\/www.tessdemar.com\/wp-content\/uploads\/2018\/10\/MENU-completo-cap\u00e7anes-223x300.png 223w\" sizes=\"auto, (max-width:1080px) 100vw, 1080px\" \/><\/a><\/div><\/div><\/div>\n<p><strong>Sobre Cap\u00e7anes<\/strong><\/p>\n<p><strong>CAP\u00c7ANES <\/strong>es el nombre de un pueblo y su cooperativa, ambos situados en la comarca del Priorato, en el interior de la provincia de Tarragona. Remont\u00e1ndonos en nuestra historia, recordamos c\u00f3mo se elaboraba el vino en las mas\u00edas correspondientes a cada vi\u00f1edo cosechado, hasta que en 1933 varias familias del pueblo fundan la Cooperativa.<\/p>\n<div class=\"btx-item btx-image btx-center-position\"><div class=\"btx-image-container\"><div class=\"btx-media-wrapper modal-image\" style=\"max-width:100%;\"><a class=\"btx-media-wrapper-inner\" href=\"https:\/\/www.tessdemar.com\/wp-content\/uploads\/2018\/10\/cap\u00e7anes-garnatxa-calissa.png\" target=\"_blank\"><img loading=\"lazy\" decoding=\"async\" src=\"https:\/\/www.tessdemar.com\/wp-content\/uploads\/2018\/10\/cap\u00e7anes-garnatxa-calissa.png\" alt=\"\"  width=\"960\" height=\"640\" srcset=\"https:\/\/www.tessdemar.com\/wp-content\/uploads\/2018\/10\/cap\u00e7anes-garnatxa-calissa.png 960w, https:\/\/www.tessdemar.com\/wp-content\/uploads\/2018\/10\/cap\u00e7anes-garnatxa-calissa-768x512.png 768w, https:\/\/www.tessdemar.com\/wp-content\/uploads\/2018\/10\/cap\u00e7anes-garnatxa-calissa-512x341.png 512w, https:\/\/www.tessdemar.com\/wp-content\/uploads\/2018\/10\/cap\u00e7anes-garnatxa-calissa-300x200.png 300w\" sizes=\"auto, (max-width:960px) 100vw, 960px\" \/><\/a><\/div><\/div><\/div>\n","protected":false},"excerpt":{"rendered":"<p>El restaurante Tess de Mar y el Celler Cap\u00e7anes hemos organizado un men\u00fa maridaje con los vinos \u201cLa Nit de las Garnatxes\u201d\u00a0de esta bodega. Son vinos terrosos, cien por cien garnacha, pero que\u00a0est\u00e1n cultivados en tierras diferentes, lo que da a cada uno un sabor especial, ligado al suelo que alimenta la vid. El jefe [&hellip;]<\/p>\n","protected":false},"author":4,"featured_media":725,"comment_status":"closed","ping_status":"closed","sticky":false,"template":"","format":"standard","meta":{"footnotes":""},"categories":[1],"tags":[],"class_list":["post-724","post","type-post","status-publish","format-standard","has-post-thumbnail","hentry","category-sin-categorizar"],"aioseo_notices":[],"_links":{"self":[{"href":"https:\/\/www.tessdemar.com\/es\/wp-json\/wp\/v2\/posts\/724","targetHints":{"allow":["GET"]}}],"collection":[{"href":"https:\/\/www.tessdemar.com\/es\/wp-json\/wp\/v2\/posts"}],"about":[{"href":"https:\/\/www.tessdemar.com\/es\/wp-json\/wp\/v2\/types\/post"}],"author":[{"embeddable":true,"href":"https:\/\/www.tessdemar.com\/es\/wp-json\/wp\/v2\/users\/4"}],"replies":[{"embeddable":true,"href":"https:\/\/www.tessdemar.com\/es\/wp-json\/wp\/v2\/comments?post=724"}],"version-history":[{"count":1,"href":"https:\/\/www.tessdemar.com\/es\/wp-json\/wp\/v2\/posts\/724\/revisions"}],"predecessor-version":[{"id":730,"href":"https:\/\/www.tessdemar.com\/es\/wp-json\/wp\/v2\/posts\/724\/revisions\/730"}],"wp:featuredmedia":[{"embeddable":true,"href":"https:\/\/www.tessdemar.com\/es\/wp-json\/wp\/v2\/media\/725"}],"wp:attachment":[{"href":"https:\/\/www.tessdemar.com\/es\/wp-json\/wp\/v2\/media?parent=724"}],"wp:term":[{"taxonomy":"category","embeddable":true,"href":"https:\/\/www.tessdemar.com\/es\/wp-json\/wp\/v2\/categories?post=724"},{"taxonomy":"post_tag","embeddable":true,"href":"https:\/\/www.tessdemar.com\/es\/wp-json\/wp\/v2\/tags?post=724"}],"curies":[{"name":"wp","href":"https:\/\/api.w.org\/{rel}","templated":true}]}}