{"id":1045,"date":"2019-09-26T09:53:31","date_gmt":"2019-09-26T09:53:31","guid":{"rendered":"https:\/\/www.tessdemar.com\/?p=1045"},"modified":"2023-04-15T17:55:28","modified_gmt":"2023-04-15T17:55:28","slug":"cronica-tarde-clandestina","status":"publish","type":"post","link":"https:\/\/www.tessdemar.com\/es\/cronica-tarde-clandestina\/","title":{"rendered":"Cr\u00f3nica Tarde Clandestina"},"content":{"rendered":"<p>El pasado 7 de septiembre hemos vivido una tarde diferente, divertida y llena de sabores fusionados entre M\u00e9xico y Mallorca, la Tarde Clandestina.<\/p>\n<p>En esta ocasi\u00f3n, trasladamos nuestro Cocktail Bar, Es Vicari, a la fachada del hotel donde nuestro Barman Jos\u00e9 Cort\u00e9s y el Barman invitado Biel Ram\u00f3n sirvieron sus deliciosas creaciones pensadas especialmente para esa tarde\u00a0 present\u00e1ndonos el nuevo Tequila Clandestina, reci\u00e9n aterrizado en la Isla.<\/p>\n<p><img loading=\"lazy\" decoding=\"async\" class=\"alignleft wp-image-1047 size-full\" src=\"https:\/\/www.tessdemar.com\/wp-content\/uploads\/2019\/09\/FOTO-0.jpg\" alt=\"\" width=\"800\" height=\"533\" srcset=\"https:\/\/www.tessdemar.com\/wp-content\/uploads\/2019\/09\/FOTO-0.jpg 800w, https:\/\/www.tessdemar.com\/wp-content\/uploads\/2019\/09\/FOTO-0-300x200.jpg 300w, https:\/\/www.tessdemar.com\/wp-content\/uploads\/2019\/09\/FOTO-0-768x512.jpg 768w, https:\/\/www.tessdemar.com\/wp-content\/uploads\/2019\/09\/FOTO-0-512x341.jpg 512w\" sizes=\"auto, (max-width: 800px) 100vw, 800px\" \/> <img loading=\"lazy\" decoding=\"async\" class=\"alignnone wp-image-1048 size-full\" src=\"https:\/\/www.tessdemar.com\/wp-content\/uploads\/2019\/09\/FOTO-1.jpg\" alt=\"\" width=\"800\" height=\"533\" srcset=\"https:\/\/www.tessdemar.com\/wp-content\/uploads\/2019\/09\/FOTO-1.jpg 800w, https:\/\/www.tessdemar.com\/wp-content\/uploads\/2019\/09\/FOTO-1-300x200.jpg 300w, https:\/\/www.tessdemar.com\/wp-content\/uploads\/2019\/09\/FOTO-1-768x512.jpg 768w, https:\/\/www.tessdemar.com\/wp-content\/uploads\/2019\/09\/FOTO-1-512x341.jpg 512w\" sizes=\"auto, (max-width: 800px) 100vw, 800px\" \/><\/p>\n<p>Jos\u00e9 ha deleitado a todos los asistentes con un C\u00f3ctel Red Lady, afrutado, femenino como la propuesta del Tequila Clandestina, no tan fuerte, pensado para ellas, ideal para c\u00f3cteles m\u00e1s suaves como el que nos present\u00f3 Jos\u00e9, con Tequila Clandestina, zumo de ar\u00e1ndanos y lima, jarabe de sand\u00eda y clara de huevo.<\/p>\n<p><img loading=\"lazy\" decoding=\"async\" class=\"alignnone wp-image-1049 size-full\" src=\"https:\/\/www.tessdemar.com\/wp-content\/uploads\/2019\/09\/FOTO-2.jpg\" alt=\"\" width=\"800\" height=\"533\" srcset=\"https:\/\/www.tessdemar.com\/wp-content\/uploads\/2019\/09\/FOTO-2.jpg 800w, https:\/\/www.tessdemar.com\/wp-content\/uploads\/2019\/09\/FOTO-2-300x200.jpg 300w, https:\/\/www.tessdemar.com\/wp-content\/uploads\/2019\/09\/FOTO-2-768x512.jpg 768w, https:\/\/www.tessdemar.com\/wp-content\/uploads\/2019\/09\/FOTO-2-512x341.jpg 512w\" sizes=\"auto, (max-width: 800px) 100vw, 800px\" \/> <img loading=\"lazy\" decoding=\"async\" class=\"alignnone wp-image-1050 size-full\" src=\"https:\/\/www.tessdemar.com\/wp-content\/uploads\/2019\/09\/FOTO-3.jpg\" alt=\"\" width=\"800\" height=\"533\" srcset=\"https:\/\/www.tessdemar.com\/wp-content\/uploads\/2019\/09\/FOTO-3.jpg 800w, https:\/\/www.tessdemar.com\/wp-content\/uploads\/2019\/09\/FOTO-3-300x200.jpg 300w, https:\/\/www.tessdemar.com\/wp-content\/uploads\/2019\/09\/FOTO-3-768x512.jpg 768w, https:\/\/www.tessdemar.com\/wp-content\/uploads\/2019\/09\/FOTO-3-512x341.jpg 512w\" sizes=\"auto, (max-width: 800px) 100vw, 800px\" \/><\/p>\n<p>Biel, nuestro invitado, a su vez, prepar\u00f3 un delicioso c\u00f3ctel al que bautiz\u00f3 de Mexiterr\u00e1neo, debido a su clara fusi\u00f3n entre M\u00e9xico y el Mediterr\u00e1neo con tequila Clandestina, licor de camomila, jarabe spicy mango y zumo de lima.<\/p>\n<p><img loading=\"lazy\" decoding=\"async\" class=\"alignnone wp-image-1051 size-full\" src=\"https:\/\/www.tessdemar.com\/wp-content\/uploads\/2019\/09\/FOTO-4.jpg\" alt=\"\" width=\"800\" height=\"533\" srcset=\"https:\/\/www.tessdemar.com\/wp-content\/uploads\/2019\/09\/FOTO-4.jpg 800w, https:\/\/www.tessdemar.com\/wp-content\/uploads\/2019\/09\/FOTO-4-300x200.jpg 300w, https:\/\/www.tessdemar.com\/wp-content\/uploads\/2019\/09\/FOTO-4-768x512.jpg 768w, https:\/\/www.tessdemar.com\/wp-content\/uploads\/2019\/09\/FOTO-4-512x341.jpg 512w\" sizes=\"auto, (max-width: 800px) 100vw, 800px\" \/> <img loading=\"lazy\" decoding=\"async\" class=\"alignnone wp-image-1052 size-full\" src=\"https:\/\/www.tessdemar.com\/wp-content\/uploads\/2019\/09\/FOTO-5.jpg\" alt=\"\" width=\"800\" height=\"533\" srcset=\"https:\/\/www.tessdemar.com\/wp-content\/uploads\/2019\/09\/FOTO-5.jpg 800w, https:\/\/www.tessdemar.com\/wp-content\/uploads\/2019\/09\/FOTO-5-300x200.jpg 300w, https:\/\/www.tessdemar.com\/wp-content\/uploads\/2019\/09\/FOTO-5-768x512.jpg 768w, https:\/\/www.tessdemar.com\/wp-content\/uploads\/2019\/09\/FOTO-5-512x341.jpg 512w\" sizes=\"auto, (max-width: 800px) 100vw, 800px\" \/><\/p>\n<p>Todo esto acompa\u00f1ado de unos deliciosos guacamoles preparados por el Chef de Tess de Mar Juan Ocampo y unas almendras Mallorquinas tostadas para dar el toque salado y local a la velada.<\/p>\n<p><img loading=\"lazy\" decoding=\"async\" class=\"alignnone wp-image-1053 size-full\" src=\"https:\/\/www.tessdemar.com\/wp-content\/uploads\/2019\/09\/FOTO-6.jpg\" alt=\"\" width=\"533\" height=\"800\" srcset=\"https:\/\/www.tessdemar.com\/wp-content\/uploads\/2019\/09\/FOTO-6.jpg 533w, https:\/\/www.tessdemar.com\/wp-content\/uploads\/2019\/09\/FOTO-6-200x300.jpg 200w, https:\/\/www.tessdemar.com\/wp-content\/uploads\/2019\/09\/FOTO-6-512x768.jpg 512w\" sizes=\"auto, (max-width: 533px) 100vw, 533px\" \/> <img loading=\"lazy\" decoding=\"async\" class=\"alignnone wp-image-1054 size-full\" src=\"https:\/\/www.tessdemar.com\/wp-content\/uploads\/2019\/09\/FOTO-7.jpg\" alt=\"\" width=\"514\" height=\"800\" srcset=\"https:\/\/www.tessdemar.com\/wp-content\/uploads\/2019\/09\/FOTO-7.jpg 514w, https:\/\/www.tessdemar.com\/wp-content\/uploads\/2019\/09\/FOTO-7-193x300.jpg 193w, https:\/\/www.tessdemar.com\/wp-content\/uploads\/2019\/09\/FOTO-7-512x797.jpg 512w\" sizes=\"auto, (max-width: 514px) 100vw, 514px\" \/><\/p>\n<p>Una tarde divertida, tanto para los hu\u00e9spedes\u00a0 del hotel como para los vecinos de Campos que siempre tienen la oportunidad de participar de nuestros eventos de forma activa, proporcionando a la localidad actividades distintas de las habituales.<\/p>\n<p><img loading=\"lazy\" decoding=\"async\" class=\"alignnone wp-image-1055 size-full\" src=\"https:\/\/www.tessdemar.com\/wp-content\/uploads\/2019\/09\/FOTO-8.jpg\" alt=\"\" width=\"800\" height=\"533\" srcset=\"https:\/\/www.tessdemar.com\/wp-content\/uploads\/2019\/09\/FOTO-8.jpg 800w, https:\/\/www.tessdemar.com\/wp-content\/uploads\/2019\/09\/FOTO-8-300x200.jpg 300w, https:\/\/www.tessdemar.com\/wp-content\/uploads\/2019\/09\/FOTO-8-768x512.jpg 768w, https:\/\/www.tessdemar.com\/wp-content\/uploads\/2019\/09\/FOTO-8-512x341.jpg 512w\" sizes=\"auto, (max-width: 800px) 100vw, 800px\" \/> <img loading=\"lazy\" decoding=\"async\" class=\"alignnone wp-image-1056 size-full\" src=\"https:\/\/www.tessdemar.com\/wp-content\/uploads\/2019\/09\/FOTO-9.jpg\" alt=\"\" width=\"800\" height=\"533\" srcset=\"https:\/\/www.tessdemar.com\/wp-content\/uploads\/2019\/09\/FOTO-9.jpg 800w, https:\/\/www.tessdemar.com\/wp-content\/uploads\/2019\/09\/FOTO-9-300x200.jpg 300w, https:\/\/www.tessdemar.com\/wp-content\/uploads\/2019\/09\/FOTO-9-768x512.jpg 768w, https:\/\/www.tessdemar.com\/wp-content\/uploads\/2019\/09\/FOTO-9-512x341.jpg 512w\" sizes=\"auto, (max-width: 800px) 100vw, 800px\" \/> <img loading=\"lazy\" decoding=\"async\" class=\"alignnone wp-image-1057 size-full\" src=\"https:\/\/www.tessdemar.com\/wp-content\/uploads\/2019\/09\/FOTO-10.jpg\" alt=\"\" width=\"800\" height=\"533\" srcset=\"https:\/\/www.tessdemar.com\/wp-content\/uploads\/2019\/09\/FOTO-10.jpg 800w, https:\/\/www.tessdemar.com\/wp-content\/uploads\/2019\/09\/FOTO-10-300x200.jpg 300w, https:\/\/www.tessdemar.com\/wp-content\/uploads\/2019\/09\/FOTO-10-768x512.jpg 768w, https:\/\/www.tessdemar.com\/wp-content\/uploads\/2019\/09\/FOTO-10-512x341.jpg 512w\" sizes=\"auto, (max-width: 800px) 100vw, 800px\" \/><\/p>\n<p>&nbsp;<\/p>\n","protected":false},"excerpt":{"rendered":"<p>El pasado 7 de septiembre hemos vivido una tarde diferente, divertida y llena de sabores fusionados entre M\u00e9xico y Mallorca, la Tarde Clandestina. En esta ocasi\u00f3n, trasladamos nuestro Cocktail Bar, Es Vicari, a la fachada del hotel donde nuestro Barman Jos\u00e9 Cort\u00e9s y el Barman invitado Biel Ram\u00f3n sirvieron sus deliciosas creaciones pensadas especialmente para [&hellip;]<\/p>\n","protected":false},"author":4,"featured_media":1889,"comment_status":"closed","ping_status":"closed","sticky":false,"template":"","format":"standard","meta":{"footnotes":""},"categories":[1],"tags":[],"class_list":["post-1045","post","type-post","status-publish","format-standard","has-post-thumbnail","hentry","category-sin-categorizar"],"aioseo_notices":[],"_links":{"self":[{"href":"https:\/\/www.tessdemar.com\/es\/wp-json\/wp\/v2\/posts\/1045","targetHints":{"allow":["GET"]}}],"collection":[{"href":"https:\/\/www.tessdemar.com\/es\/wp-json\/wp\/v2\/posts"}],"about":[{"href":"https:\/\/www.tessdemar.com\/es\/wp-json\/wp\/v2\/types\/post"}],"author":[{"embeddable":true,"href":"https:\/\/www.tessdemar.com\/es\/wp-json\/wp\/v2\/users\/4"}],"replies":[{"embeddable":true,"href":"https:\/\/www.tessdemar.com\/es\/wp-json\/wp\/v2\/comments?post=1045"}],"version-history":[{"count":1,"href":"https:\/\/www.tessdemar.com\/es\/wp-json\/wp\/v2\/posts\/1045\/revisions"}],"predecessor-version":[{"id":1058,"href":"https:\/\/www.tessdemar.com\/es\/wp-json\/wp\/v2\/posts\/1045\/revisions\/1058"}],"wp:featuredmedia":[{"embeddable":true,"href":"https:\/\/www.tessdemar.com\/es\/wp-json\/wp\/v2\/media\/1889"}],"wp:attachment":[{"href":"https:\/\/www.tessdemar.com\/es\/wp-json\/wp\/v2\/media?parent=1045"}],"wp:term":[{"taxonomy":"category","embeddable":true,"href":"https:\/\/www.tessdemar.com\/es\/wp-json\/wp\/v2\/categories?post=1045"},{"taxonomy":"post_tag","embeddable":true,"href":"https:\/\/www.tessdemar.com\/es\/wp-json\/wp\/v2\/tags?post=1045"}],"curies":[{"name":"wp","href":"https:\/\/api.w.org\/{rel}","templated":true}]}}