{"id":891,"date":"2019-02-11T12:43:55","date_gmt":"2019-02-11T12:43:55","guid":{"rendered":"https:\/\/www.tessdemar.com\/?p=891"},"modified":"2019-02-12T11:17:55","modified_gmt":"2019-02-12T11:17:55","slug":"juan-ocampo-erzaehlt-uns-von-der-naechsten-saison","status":"publish","type":"post","link":"https:\/\/www.tessdemar.com\/de\/juan-ocampo-erzaehlt-uns-von-der-naechsten-saison\/","title":{"rendered":"Juan Ocampo erz\u00e4hlt uns von der n\u00e4chsten Saison"},"content":{"rendered":"<p>F\u00fcr mich als Chefkoch von <a href=\"https:\/\/www.tessdemar.com\/de\/\">Tess de Mar<\/a>, war das 2018 ein sehr wichtiges Jahr, da wir uns in der Gastronomie der Insel etabliert haben. Zweifellos glauben wir, zusammen mit <a href=\"https:\/\/www.kairiku.es\/de\/\">Kairiku<\/a>, eine der Referenzen der <strong>Gastronomie im S\u00fcden Mallorcas<\/strong> zu sein. Somit haben wir eines unserer ersten Ziele erf\u00fcllt. In dieser neuen Saison, die am 21. M\u00e4rz 2019 beginnt, hoffen wir weiter wachsen zu k\u00f6nnen und eine Referenz f\u00fcr der hohen Gastronomie der Insel zu sein.<\/p>\n<p>Eines unserer Ziele war es <strong>Teil des Michelin F\u00fchrers<\/strong> zu sein. Doch niemals h\u00e4tten wir uns vorstellen k\u00f6nnen, dass dieser Traum nach nur einem Jahr harter Arbeit in Erf\u00fcllung gehen w\u00fcrde. Teil eines der angesehensten gastronomischen F\u00fchrers der Welt zu sein, hat uns nochmal zus\u00e4tzlich in <strong>unserer Arbeit best\u00e4tigt<\/strong> und sehr ber\u00fchrt. Zweifellos zeigt es uns, dass wir auf dem richtigen Weg sind und dass wir mit harter Arbeit, unseren Kunden nur das Beste bieten k\u00f6nnen und dies am Ende belohnt wird.<\/p>\n<p>In diesem Jahr 2019 sind wir reifer, konsolidierter und f\u00fchlen uns mit dem <a href=\"https:\/\/www.tessdemar.com\/de\/\">Restaurant<\/a> und unseren Kunden wohler. Wir m\u00f6chten, dass es ein <strong>dynamisches Jahr<\/strong> wird, in dem wir verschiedene Aktivit\u00e4ten ausf\u00fchren k\u00f6nnen, um neue Dinge anzubieten. Zweifellos sind das Produkt, die Frische und das Meer f\u00fcr uns ein guter Ausgangspunkt f\u00fcr unsere neuen Vorschl\u00e4ge. Nat\u00fcrlich sind wir auch auf dem Laufenden der aktuellen Trends der Gastronomie.<\/p>\n<p>In <a href=\"https:\/\/www.tessdemar.com\/de\/\"><strong>Tess de Mar<\/strong><\/a> werden wir weiterhin eine gute K\u00fcche und einen professionellen Service anbieten, echt, bedeutungsvoll und anders. Dank unserer vielen Reisen als K\u00f6che,bringen wir eine gewisse innere Unruhe und viel kulturelles Wissen im Gep\u00e4ck mit.<\/p>\n<p>Diejenigen, die uns im <a href=\"https:\/\/www.tessdemar.com\/de\/\"><strong>Tess de Mar<\/strong><\/a> besuchen, werden ein mallorquinisches Produkt vorfinden, das jedoch mit der Liebe verschiedener Techniken und Erfahrung behandelt wird.<\/p>\n","protected":false},"excerpt":{"rendered":"<p>F\u00fcr mich als Chefkoch von Tess de Mar, war das 2018 ein sehr wichtiges Jahr, da wir uns in der Gastronomie der Insel etabliert haben. Zweifellos glauben wir, zusammen mit Kairiku, eine der Referenzen der Gastronomie im S\u00fcden Mallorcas zu sein. Somit haben wir eines unserer ersten Ziele erf\u00fcllt. In dieser neuen Saison, die am [&hellip;]<\/p>\n","protected":false},"author":4,"featured_media":889,"comment_status":"closed","ping_status":"closed","sticky":false,"template":"","format":"standard","meta":{"footnotes":""},"categories":[5],"tags":[36,35,37],"class_list":["post-891","post","type-post","status-publish","format-standard","has-post-thumbnail","hentry","category-unkategorisiert","tag-mediterranean-restaurant-mallorca","tag-restaurant-mallorca","tag-restaurant-mallorquinisches-produkt"],"aioseo_notices":[],"_links":{"self":[{"href":"https:\/\/www.tessdemar.com\/de\/wp-json\/wp\/v2\/posts\/891","targetHints":{"allow":["GET"]}}],"collection":[{"href":"https:\/\/www.tessdemar.com\/de\/wp-json\/wp\/v2\/posts"}],"about":[{"href":"https:\/\/www.tessdemar.com\/de\/wp-json\/wp\/v2\/types\/post"}],"author":[{"embeddable":true,"href":"https:\/\/www.tessdemar.com\/de\/wp-json\/wp\/v2\/users\/4"}],"replies":[{"embeddable":true,"href":"https:\/\/www.tessdemar.com\/de\/wp-json\/wp\/v2\/comments?post=891"}],"version-history":[{"count":0,"href":"https:\/\/www.tessdemar.com\/de\/wp-json\/wp\/v2\/posts\/891\/revisions"}],"wp:featuredmedia":[{"embeddable":true,"href":"https:\/\/www.tessdemar.com\/de\/wp-json\/wp\/v2\/media\/889"}],"wp:attachment":[{"href":"https:\/\/www.tessdemar.com\/de\/wp-json\/wp\/v2\/media?parent=891"}],"wp:term":[{"taxonomy":"category","embeddable":true,"href":"https:\/\/www.tessdemar.com\/de\/wp-json\/wp\/v2\/categories?post=891"},{"taxonomy":"post_tag","embeddable":true,"href":"https:\/\/www.tessdemar.com\/de\/wp-json\/wp\/v2\/tags?post=891"}],"curies":[{"name":"wp","href":"https:\/\/api.w.org\/{rel}","templated":true}]}}