{"id":1033,"date":"2019-07-30T12:22:33","date_gmt":"2019-07-30T12:22:33","guid":{"rendered":"https:\/\/www.tessdemar.com\/blog\/ginart-en-el-artnit-de-campos\/"},"modified":"2019-07-30T12:48:11","modified_gmt":"2019-07-30T12:48:11","slug":"ginart-auf-der-artnit-in-campos","status":"publish","type":"post","link":"https:\/\/www.tessdemar.com\/de\/ginart-auf-der-artnit-in-campos\/","title":{"rendered":"GinArt auf der ArtNit in Campos"},"content":{"rendered":"<p><span style=\"font-weight: 400;\">Unser Barmann, Jos\u00e9 Cort\u00e9s, bereitet am 02.08.19 einen ganz besonderen Abend in unserer Cocktailbar Es Vicari f\u00fcr das Event der ArtNit in Campos vor &#8211; das GINART.<\/span><\/p>\n<p><img loading=\"lazy\" decoding=\"async\" class=\"alignnone wp-image-1027 size-full\" src=\"https:\/\/www.tessdemar.com\/wp-content\/uploads\/2019\/07\/portada-GinEdition_Orange_GinTonic.jpg\" alt=\"ginart artnit campos sa creu nova petit palais hotel lujo mallorca\" width=\"800\" height=\"533\" srcset=\"https:\/\/www.tessdemar.com\/wp-content\/uploads\/2019\/07\/portada-GinEdition_Orange_GinTonic.jpg 800w, https:\/\/www.tessdemar.com\/wp-content\/uploads\/2019\/07\/portada-GinEdition_Orange_GinTonic-300x200.jpg 300w, https:\/\/www.tessdemar.com\/wp-content\/uploads\/2019\/07\/portada-GinEdition_Orange_GinTonic-768x512.jpg 768w, https:\/\/www.tessdemar.com\/wp-content\/uploads\/2019\/07\/portada-GinEdition_Orange_GinTonic-512x341.jpg 512w\" sizes=\"auto, (max-width: 800px) 100vw, 800px\" \/><\/p>\n<p><span style=\"font-weight: 400;\">Ab 18.00 Uhr k\u00f6nnen die Besucher der Ausstellung des Hotels in der Cocktailbar von Sa Creu Nova, <a href=\"https:\/\/www.tessdemar.com\/de\/esvicari\/\" target=\"_blank\" rel=\"noopener\">Es Vicari<\/a>, die Kreationen unseres Barmanns, Jos\u00e9 Cort\u00e9s, probieren. Daf\u00fcr bereitet er mit dem mallorquinischen Gin CABRABROC, dem GIN REVENGE NAVY und einer Vielzahl von PLUS EIGHT Tonic Water verschiedene \u00fcberraschende Kreationen vor.<\/span><\/p>\n<p>&nbsp;<\/p>\n<p><img loading=\"lazy\" decoding=\"async\" class=\"alignnone wp-image-1028\" src=\"https:\/\/www.tessdemar.com\/wp-content\/uploads\/2019\/07\/botellas-juntas-231x300.jpg\" alt=\"\" width=\"616\" height=\"800\" srcset=\"https:\/\/www.tessdemar.com\/wp-content\/uploads\/2019\/07\/botellas-juntas-231x300.jpg 231w, https:\/\/www.tessdemar.com\/wp-content\/uploads\/2019\/07\/botellas-juntas-768x997.jpg 768w, https:\/\/www.tessdemar.com\/wp-content\/uploads\/2019\/07\/botellas-juntas-788x1024.jpg 788w, https:\/\/www.tessdemar.com\/wp-content\/uploads\/2019\/07\/botellas-juntas-512x665.jpg 512w, https:\/\/www.tessdemar.com\/wp-content\/uploads\/2019\/07\/botellas-juntas.jpg 924w\" sizes=\"auto, (max-width: 616px) 100vw, 616px\" \/><\/p>\n<p><img loading=\"lazy\" decoding=\"async\" class=\"alignnone wp-image-1029\" src=\"https:\/\/www.tessdemar.com\/wp-content\/uploads\/2019\/07\/GINS-300x125.jpg\" alt=\"\" width=\"800\" height=\"333\" srcset=\"https:\/\/www.tessdemar.com\/wp-content\/uploads\/2019\/07\/GINS-300x125.jpg 300w, https:\/\/www.tessdemar.com\/wp-content\/uploads\/2019\/07\/GINS-768x320.jpg 768w, https:\/\/www.tessdemar.com\/wp-content\/uploads\/2019\/07\/GINS-1024x427.jpg 1024w, https:\/\/www.tessdemar.com\/wp-content\/uploads\/2019\/07\/GINS-512x213.jpg 512w, https:\/\/www.tessdemar.com\/wp-content\/uploads\/2019\/07\/GINS.jpg 1200w\" sizes=\"auto, (max-width: 800px) 100vw, 800px\" \/><\/p>\n<p><span style=\"font-weight: 400;\">Die Veranstaltung findet w\u00e4hrend der ArtNit-Feier statt, bei der im Hotel Sa Creu Nova 4 Gastk\u00fcnstler ausgestellt werden: Mar Estrada, Orioll Angril, Pep Coll und Guadalupe Cerracedo.<\/span><\/p>\n<p><img loading=\"lazy\" decoding=\"async\" class=\"alignnone wp-image-1030\" src=\"https:\/\/www.tessdemar.com\/wp-content\/uploads\/2019\/07\/todos-los-artistas-300x300.jpg\" alt=\"artnit campos sa creu nova hotel lujo mallorca\" width=\"800\" height=\"800\" srcset=\"https:\/\/www.tessdemar.com\/wp-content\/uploads\/2019\/07\/todos-los-artistas-300x300.jpg 300w, https:\/\/www.tessdemar.com\/wp-content\/uploads\/2019\/07\/todos-los-artistas-150x150.jpg 150w, https:\/\/www.tessdemar.com\/wp-content\/uploads\/2019\/07\/todos-los-artistas-768x768.jpg 768w, https:\/\/www.tessdemar.com\/wp-content\/uploads\/2019\/07\/todos-los-artistas-1024x1024.jpg 1024w, https:\/\/www.tessdemar.com\/wp-content\/uploads\/2019\/07\/todos-los-artistas-512x512.jpg 512w, https:\/\/www.tessdemar.com\/wp-content\/uploads\/2019\/07\/todos-los-artistas-1280x1280.jpg 1280w, https:\/\/www.tessdemar.com\/wp-content\/uploads\/2019\/07\/todos-los-artistas.jpg 1400w\" sizes=\"auto, (max-width: 800px) 100vw, 800px\" \/><\/p>\n<p><span style=\"font-weight: 400;\">W\u00e4hrend die G\u00e4ste einen Spaziergang durch die Hoteleinrichtungen machen und die Kunstausstellung begutachten, k\u00f6nnen sie die Cocktail Vorschl\u00e4ge, die Jos\u00e9 f\u00fcr diesen besonderen Abend vorbereitet hat, genie\u00dfen.\u00a0<\/span><\/p>\n<p><span style=\"font-weight: 400;\">Au\u00dferdem haben wir ein besonderes Degustationsmen\u00fc vorbereitet in dem der japanische Meister Ryuichiro Katano von <a href=\"https:\/\/www.kairiku.es\/de\/\" target=\"_blank\" rel=\"noopener\">Kairiku<\/a> und unser Chef von <a href=\"https:\/\/www.tessdemar.com\/de\/\" target=\"_blank\" rel=\"noopener\">Tess de Mar<\/a> Sie in eine Fusion japanischer und mediterraner Cuisine eintauchen lassen.\u00a0<\/span><\/p>\n<p>&nbsp;<\/p>\n<p><img loading=\"lazy\" decoding=\"async\" class=\"alignnone wp-image-1031\" src=\"https:\/\/www.tessdemar.com\/wp-content\/uploads\/2019\/07\/POST-4-MANOS-300x225.jpg\" alt=\"sa creu nova hotel lujo campos\" width=\"800\" height=\"600\" srcset=\"https:\/\/www.tessdemar.com\/wp-content\/uploads\/2019\/07\/POST-4-MANOS-300x225.jpg 300w, https:\/\/www.tessdemar.com\/wp-content\/uploads\/2019\/07\/POST-4-MANOS-768x576.jpg 768w, https:\/\/www.tessdemar.com\/wp-content\/uploads\/2019\/07\/POST-4-MANOS-1024x768.jpg 1024w, https:\/\/www.tessdemar.com\/wp-content\/uploads\/2019\/07\/POST-4-MANOS-512x384.jpg 512w, https:\/\/www.tessdemar.com\/wp-content\/uploads\/2019\/07\/POST-4-MANOS-1280x960.jpg 1280w, https:\/\/www.tessdemar.com\/wp-content\/uploads\/2019\/07\/POST-4-MANOS.jpg 1600w\" sizes=\"auto, (max-width: 800px) 100vw, 800px\" \/><\/p>\n<p><span style=\"font-weight: 400;\">Buchen Sie jetzt unter +34 871 515 345 oder senden Sie uns eine E-Mail an <a href=\"mailto:info@tessdemar.com\" target=\"_blank\" rel=\"noopener\">info@tessdemar.com<\/a> und genie\u00dfen Sie eine Nacht voller Kunst, Kultur und gehobener K\u00fcche zusammen mit dem Sa Creu Nova Petit Palais Art &amp; Spa, dem Restaurant Kairku, dem Restaurant Tess de Mar und unserer Cocktailbar Es ist Vicari.<\/span><\/p>\n<p>&nbsp;<\/p>\n","protected":false},"excerpt":{"rendered":"<p>Unser Barmann, Jos\u00e9 Cort\u00e9s, bereitet am 02.08.19 einen ganz besonderen Abend in unserer Cocktailbar Es Vicari f\u00fcr das Event der ArtNit in Campos vor &#8211; das GINART. Ab 18.00 Uhr k\u00f6nnen die Besucher der Ausstellung des Hotels in der Cocktailbar von Sa Creu Nova, Es Vicari, die Kreationen unseres Barmanns, Jos\u00e9 Cort\u00e9s, probieren. Daf\u00fcr bereitet [&hellip;]<\/p>\n","protected":false},"author":4,"featured_media":1026,"comment_status":"closed","ping_status":"closed","sticky":false,"template":"","format":"standard","meta":{"footnotes":""},"categories":[45],"tags":[],"class_list":["post-1033","post","type-post","status-publish","format-standard","has-post-thumbnail","hentry","category-noticias-de"],"aioseo_notices":[],"_links":{"self":[{"href":"https:\/\/www.tessdemar.com\/de\/wp-json\/wp\/v2\/posts\/1033","targetHints":{"allow":["GET"]}}],"collection":[{"href":"https:\/\/www.tessdemar.com\/de\/wp-json\/wp\/v2\/posts"}],"about":[{"href":"https:\/\/www.tessdemar.com\/de\/wp-json\/wp\/v2\/types\/post"}],"author":[{"embeddable":true,"href":"https:\/\/www.tessdemar.com\/de\/wp-json\/wp\/v2\/users\/4"}],"replies":[{"embeddable":true,"href":"https:\/\/www.tessdemar.com\/de\/wp-json\/wp\/v2\/comments?post=1033"}],"version-history":[{"count":1,"href":"https:\/\/www.tessdemar.com\/de\/wp-json\/wp\/v2\/posts\/1033\/revisions"}],"predecessor-version":[{"id":1035,"href":"https:\/\/www.tessdemar.com\/de\/wp-json\/wp\/v2\/posts\/1033\/revisions\/1035"}],"wp:featuredmedia":[{"embeddable":true,"href":"https:\/\/www.tessdemar.com\/de\/wp-json\/wp\/v2\/media\/1026"}],"wp:attachment":[{"href":"https:\/\/www.tessdemar.com\/de\/wp-json\/wp\/v2\/media?parent=1033"}],"wp:term":[{"taxonomy":"category","embeddable":true,"href":"https:\/\/www.tessdemar.com\/de\/wp-json\/wp\/v2\/categories?post=1033"},{"taxonomy":"post_tag","embeddable":true,"href":"https:\/\/www.tessdemar.com\/de\/wp-json\/wp\/v2\/tags?post=1033"}],"curies":[{"name":"wp","href":"https:\/\/api.w.org\/{rel}","templated":true}]}}