{"id":1022,"date":"2019-07-23T11:57:35","date_gmt":"2019-07-23T11:57:35","guid":{"rendered":"https:\/\/www.tessdemar.com\/blog\/novedades-del-verano-en-tess-de-mar\/"},"modified":"2019-07-29T09:35:33","modified_gmt":"2019-07-29T09:35:33","slug":"neuigkeiten-bei-tess-de-mar","status":"publish","type":"post","link":"https:\/\/www.tessdemar.com\/de\/neuigkeiten-bei-tess-de-mar\/","title":{"rendered":"Neuigkeiten bei Tess de Mar"},"content":{"rendered":"<p>Juan Ocampo gibt uns einen kleinen Einblick in die Neuigkeiten, die uns in dem gastronomischen Angebot f\u00fcr den Sommer in Tess de Mar erwarten.<\/p>\n<p><strong>CAP NEGRE CEVICHE\u00a0<\/strong><\/p>\n<p>Wir lieben es mit den lokalen Produkten zu arbeiten, daher haben wir den \u201ccap negre\u201d f\u00fcr dieses Gericht ausgew\u00e4hlt. Ein typisch mediterranischer Fisch.<\/p>\n<p>Wir haben diesen Fisch f\u00fcr Ein Ceviche ausgew\u00e4hlt, um damit den Sommer einzuleiten. Denn die Frische dieses besonderen Gerichtes ist uns f\u00fcr unser gastronomisches Angebot sehr wichtig. Leicht, frisch und dennoch mit einem intensiven Geschmack.<\/p>\n<p><img loading=\"lazy\" decoding=\"async\" class=\"alignnone wp-image-1019 size-full\" src=\"https:\/\/www.tessdemar.com\/wp-content\/uploads\/2019\/07\/TESS-DE-MAR-2.jpg\" alt=\"\" width=\"1200\" height=\"800\" srcset=\"https:\/\/www.tessdemar.com\/wp-content\/uploads\/2019\/07\/TESS-DE-MAR-2.jpg 1200w, https:\/\/www.tessdemar.com\/wp-content\/uploads\/2019\/07\/TESS-DE-MAR-2-300x200.jpg 300w, https:\/\/www.tessdemar.com\/wp-content\/uploads\/2019\/07\/TESS-DE-MAR-2-768x512.jpg 768w, https:\/\/www.tessdemar.com\/wp-content\/uploads\/2019\/07\/TESS-DE-MAR-2-1024x683.jpg 1024w, https:\/\/www.tessdemar.com\/wp-content\/uploads\/2019\/07\/TESS-DE-MAR-2-512x341.jpg 512w\" sizes=\"auto, (max-width: 1200px) 100vw, 1200px\" \/><\/p>\n<p>Ceviche ist ein Gericht, das in der peruanischen Gastronomie geboren wurde und den gleichen Namen tr\u00e4gt. Heute f\u00fchlen wir uns mit einer solch globalen K\u00fcche und unseren lateinamerikanischen Wurzeln in diesem Gericht sehr identifiziert.<\/p>\n<p>Wir verwenden den &#8222;Cap Negre&#8220; oder &#8222;Spinnenfisch&#8220;, da es sich hierbei um ein ein Produkt von Adel und Finesse handelt. Au\u00dferdem erm\u00f6glicht es uns, ihn mit einer kurzen Mazeration zuzubereiten ohne dabei die Grundzutat kaum zu ver\u00e4ndern.<\/p>\n<p>F\u00fcr die Zubereitung benutzen wir au\u00dferdem die f\u00fcr die peruanische Kultur typische Tigermilch, die wir jedoch auf auf unsere eigene Art und Weise herzustellen. Paprika gibt dem Ganzen eine leicht rauchige, s\u00fc\u00dfe, saure und mild w\u00fcrzige Note. Diese wird durch die S\u00fc\u00dfe der Frucht verfeinert, sodass ein frisches Gericht entsteht, das perfekt f\u00fcr den Sommer ist.<\/p>\n<p><img loading=\"lazy\" decoding=\"async\" class=\"alignnone wp-image-1018 size-full\" src=\"https:\/\/www.tessdemar.com\/wp-content\/uploads\/2019\/07\/TESS-DE-MAR.jpg\" alt=\"tess de mar restaurante mediterraneo mallorca\" width=\"1200\" height=\"800\" srcset=\"https:\/\/www.tessdemar.com\/wp-content\/uploads\/2019\/07\/TESS-DE-MAR.jpg 1200w, https:\/\/www.tessdemar.com\/wp-content\/uploads\/2019\/07\/TESS-DE-MAR-300x200.jpg 300w, https:\/\/www.tessdemar.com\/wp-content\/uploads\/2019\/07\/TESS-DE-MAR-768x512.jpg 768w, https:\/\/www.tessdemar.com\/wp-content\/uploads\/2019\/07\/TESS-DE-MAR-1024x683.jpg 1024w, https:\/\/www.tessdemar.com\/wp-content\/uploads\/2019\/07\/TESS-DE-MAR-512x341.jpg 512w\" sizes=\"auto, (max-width: 1200px) 100vw, 1200px\" \/><\/p>\n<p>Dies ist die einzige und beste Art und Weise, dieses Produkt hervorzuheben, ohne die Grundprodukte zu sehr zu manipulieren.<\/p>\n<p>Bei der Planung jedes Gerichtes, beachten wir immer die Aromen und die Zubereitung dieses, als w\u00fcrden wire in besonderes Essen f\u00fcr unsere Familie, Freunde oder uns selbst zubereiten.<\/p>\n<p>In unserer Speisekarte finden Sie viele weitere Gerichte, die darauf warten, verkostet zu werden und die genau diese Frische enthalten, die die Sommersaison erfordert.<\/p>\n<p>JUAN OCAMPO<\/p>\n<p>KOCH IN TESS DE MAR RESTAURANT<\/p>\n","protected":false},"excerpt":{"rendered":"<p>Juan Ocampo gibt uns einen kleinen Einblick in die Neuigkeiten, die uns in dem gastronomischen Angebot f\u00fcr den Sommer in Tess de Mar erwarten. CAP NEGRE CEVICHE\u00a0 Wir lieben es mit den lokalen Produkten zu arbeiten, daher haben wir den \u201ccap negre\u201d f\u00fcr dieses Gericht ausgew\u00e4hlt. Ein typisch mediterranischer Fisch. Wir haben diesen Fisch f\u00fcr [&hellip;]<\/p>\n","protected":false},"author":4,"featured_media":1018,"comment_status":"closed","ping_status":"closed","sticky":false,"template":"","format":"standard","meta":{"footnotes":""},"categories":[44,45],"tags":[],"class_list":["post-1022","post","type-post","status-publish","format-standard","has-post-thumbnail","hentry","category-entrevistas-de","category-noticias-de"],"aioseo_notices":[],"_links":{"self":[{"href":"https:\/\/www.tessdemar.com\/de\/wp-json\/wp\/v2\/posts\/1022","targetHints":{"allow":["GET"]}}],"collection":[{"href":"https:\/\/www.tessdemar.com\/de\/wp-json\/wp\/v2\/posts"}],"about":[{"href":"https:\/\/www.tessdemar.com\/de\/wp-json\/wp\/v2\/types\/post"}],"author":[{"embeddable":true,"href":"https:\/\/www.tessdemar.com\/de\/wp-json\/wp\/v2\/users\/4"}],"replies":[{"embeddable":true,"href":"https:\/\/www.tessdemar.com\/de\/wp-json\/wp\/v2\/comments?post=1022"}],"version-history":[{"count":1,"href":"https:\/\/www.tessdemar.com\/de\/wp-json\/wp\/v2\/posts\/1022\/revisions"}],"predecessor-version":[{"id":1024,"href":"https:\/\/www.tessdemar.com\/de\/wp-json\/wp\/v2\/posts\/1022\/revisions\/1024"}],"wp:featuredmedia":[{"embeddable":true,"href":"https:\/\/www.tessdemar.com\/de\/wp-json\/wp\/v2\/media\/1018"}],"wp:attachment":[{"href":"https:\/\/www.tessdemar.com\/de\/wp-json\/wp\/v2\/media?parent=1022"}],"wp:term":[{"taxonomy":"category","embeddable":true,"href":"https:\/\/www.tessdemar.com\/de\/wp-json\/wp\/v2\/categories?post=1022"},{"taxonomy":"post_tag","embeddable":true,"href":"https:\/\/www.tessdemar.com\/de\/wp-json\/wp\/v2\/tags?post=1022"}],"curies":[{"name":"wp","href":"https:\/\/api.w.org\/{rel}","templated":true}]}}